{"id":14632,"date":"2026-02-19T16:02:55","date_gmt":"2026-02-19T19:02:55","guid":{"rendered":"https:\/\/comcat.org\/?p=14632"},"modified":"2026-04-22T15:20:31","modified_gmt":"2026-04-22T18:20:31","slug":"favela-no-centro-da-agenda-climatica-video-retrospectivo-de-2025-na-rede-favela-sustentavel","status":"publish","type":"post","link":"https:\/\/comcat.org\/en\/publication\/favela-no-centro-da-agenda-climatica-video-retrospectivo-de-2025-na-rede-favela-sustentavel\/","title":{"rendered":"Favela no Centro da Agenda Clim\u00e1tica: V\u00eddeo Retrospectivo de 2025 na Rede Favela Sustent\u00e1vel"},"content":{"rendered":"<div class=\"blog-item-top-wrapper\">\n<div class=\"blog-item-title\">\n<p class=\"entry-title entry-title--large p-name preFade fadeIn\" data-content-field=\"title\"><span style=\"font-size: 16px;\">2025 foi um ano de crescente repercuss\u00e3o, dentro das favelas, em Bel\u00e9m e no mundo, das atividades da Rede Favela Sustent\u00e1vel! <\/span><\/p>\n<p class=\"entry-title entry-title--large p-name preFade fadeIn\" data-content-field=\"title\"><span style=\"font-size: 16px;\"><a href=\"https:\/\/bit.ly\/RetrospectivaRFS2025\">Assista \u00e0 nossa retrospectiva de 2025<\/a> e reviva os momentos centrais que marcaram este ano:<\/span><\/p>\n<\/div>\n<\/div>\n<div class=\"blog-item-content-wrapper\">\n<div class=\"blog-item-content e-content\">\n<div id=\"item-698e48528f1df24536a685cb\" class=\"sqs-layout sqs-grid-12 columns-12\" data-layout-label=\"Post Body\" data-type=\"item\">\n<div class=\"row sqs-row\">\n<div class=\"col sqs-col-12 span-12\">\n<div id=\"block-93277f24890ca5ee74a8\" class=\"sqs-block html-block sqs-block-html\" data-block-type=\"2\" data-border-radii=\"{&quot;topLeft&quot;:{&quot;unit&quot;:&quot;px&quot;,&quot;value&quot;:0.0},&quot;topRight&quot;:{&quot;unit&quot;:&quot;px&quot;,&quot;value&quot;:0.0},&quot;bottomLeft&quot;:{&quot;unit&quot;:&quot;px&quot;,&quot;value&quot;:0.0},&quot;bottomRight&quot;:{&quot;unit&quot;:&quot;px&quot;,&quot;value&quot;:0.0}}\" data-sqsp-block=\"text\">\n<div class=\"sqs-block-content\">\n<div class=\"sqs-html-content\" data-sqsp-text-block-content=\"\">\n<p>\u00a0<iframe loading=\"lazy\" title=\"YouTube video player\" src=\"https:\/\/www.youtube.com\/embed\/QQgYOZwCYZk?si=niJtS4I3nmQblNry\" width=\"560\" height=\"315\" frameborder=\"0\" allowfullscreen=\"allowfullscreen\" data-mce-fragment=\"1\"><span data-mce-type=\"bookmark\" style=\"display: inline-block; width: 0px; overflow: hidden; line-height: 0;\" class=\"mce_SELRES_start\">\ufeff<\/span><\/iframe><\/p>\n<p class=\"preFade fadeIn\">Tivemos o t\u00e3o esperado lan\u00e7amento e circula\u00e7\u00e3o da exposi\u00e7\u00e3o &#8216;Mem\u00f3ria Clim\u00e1tica das Favelas&#8217;, constru\u00edda em rodas entre 2023-2024. Atrav\u00e9s dele, ganhamos o Pr\u00eamio Prata no Anthem Awards na categoria Melhor Campanha de Conscientiza\u00e7\u00e3o Local e mat\u00e9ria no The Guardian.<\/p>\n<p class=\"preFade fadeIn\">Durante meses, 100 integrantes da RFS produziram a Carta COP das Favelas, uma carta aberta que demanda que as favelas do mundo estejam no centro das decis\u00f5es clim\u00e1ticas. No final do ano, levamos a carta, assinada por movimentos e grupos de 43 pa\u00edses \u00e0 COP30.<\/p>\n<p class=\"preFade fadeIn\">O marco do ano foi nosso lindo 2\u00b0 Festival Favela Sustent\u00e1vel na Fundi\u00e7\u00e3o Progresso, cujos 1300 participantes focaram em compartilhar 140 atividades voltadas para solu\u00e7\u00f5es clim\u00e1ticas locais.<\/p>\n<p class=\"preFade fadeIn\">Realizamos visitas a rios de favelas e \u00e0 ETA Guandu, a maior esta\u00e7\u00e3o de tratamento de \u00e1gua do mundo. Implementamos a Agenda Coletiva, uma agenda colaborativa que divulga as atividades dos integrantes e promove interc\u00e2mbios nas comunidades e projetos da rede. E mais!<\/p>\n<p class=\"preFade fadeIn\"><a href=\"https:\/\/www.favelasustentavel.org\/faca-parte-contato\">Chega com a gente<\/a>!<\/p>\n<\/div>\n<\/div>\n<\/div>\n<\/div>\n<\/div>\n<\/div>\n<\/div>\n<\/div>\n","protected":false},"excerpt":{"rendered":"<p>2025 foi um ano de crescente repercuss\u00e3o, dentro das favelas, em Bel\u00e9m e no mundo, das atividades da Rede Favela Sustent\u00e1vel! Assista \u00e0 nossa retrospectiva de 2025 e reviva os momentos centrais que marcaram este ano: \u00a0\ufeff Tivemos o t\u00e3o esperado lan\u00e7amento e circula\u00e7\u00e3o da exposi\u00e7\u00e3o &#8216;Mem\u00f3ria Clim\u00e1tica das Favelas&#8217;, constru\u00edda em rodas entre 2023-2024. [&hellip;]<\/p>\n","protected":false},"author":1,"featured_media":14633,"comment_status":"closed","ping_status":"closed","sticky":false,"template":"","format":"standard","meta":{"_acf_changed":false,"inline_featured_image":false,"footnotes":""},"categories":[294],"tags":[],"class_list":["post-14632","post","type-post","status-publish","format-standard","has-post-thumbnail","hentry","category-publication"],"acf":[],"yoast_head":"<!-- This site is optimized with the Yoast SEO plugin v26.9 - https:\/\/yoast.com\/product\/yoast-seo-wordpress\/ -->\n<title>Favela no Centro da Agenda Clim\u00e1tica: V\u00eddeo Retrospectivo de 2025 na Rede Favela Sustent\u00e1vel - Comunidades Catalisadoras | ComCat<\/title>\n<meta name=\"robots\" content=\"index, follow, max-snippet:-1, max-image-preview:large, max-video-preview:-1\" \/>\n<link rel=\"canonical\" href=\"https:\/\/comcat.org\/en\/publication\/favela-no-centro-da-agenda-climatica-video-retrospectivo-de-2025-na-rede-favela-sustentavel\/\" \/>\n<meta property=\"og:locale\" content=\"en_US\" \/>\n<meta property=\"og:type\" content=\"article\" \/>\n<meta property=\"og:title\" content=\"Favela no Centro da Agenda Clim\u00e1tica: V\u00eddeo Retrospectivo de 2025 na Rede Favela Sustent\u00e1vel - Comunidades Catalisadoras | ComCat\" \/>\n<meta property=\"og:description\" content=\"2025 foi um ano de crescente repercuss\u00e3o, dentro das favelas, em Bel\u00e9m e no mundo, das atividades da Rede Favela Sustent\u00e1vel! Assista \u00e0 nossa retrospectiva de 2025 e reviva os momentos centrais que marcaram este ano: \u00a0\ufeff Tivemos o t\u00e3o esperado lan\u00e7amento e circula\u00e7\u00e3o da exposi\u00e7\u00e3o &#8216;Mem\u00f3ria Clim\u00e1tica das Favelas&#8217;, constru\u00edda em rodas entre 2023-2024. [&hellip;]\" \/>\n<meta property=\"og:url\" content=\"https:\/\/comcat.org\/en\/publication\/favela-no-centro-da-agenda-climatica-video-retrospectivo-de-2025-na-rede-favela-sustentavel\/\" \/>\n<meta property=\"og:site_name\" content=\"Comunidades Catalisadoras | ComCat\" \/>\n<meta property=\"article:published_time\" content=\"2026-02-19T19:02:55+00:00\" \/>\n<meta property=\"article:modified_time\" content=\"2026-04-22T18:20:31+00:00\" \/>\n<meta property=\"og:image\" content=\"https:\/\/comcat.org\/wp-content\/uploads\/2026\/02\/Capa-RFS-video-retrospectivo-2025-1024x576.png\" \/>\n\t<meta property=\"og:image:width\" content=\"1024\" \/>\n\t<meta property=\"og:image:height\" content=\"576\" \/>\n\t<meta property=\"og:image:type\" content=\"image\/png\" \/>\n<meta name=\"author\" content=\"comcat\" \/>\n<meta name=\"twitter:card\" content=\"summary_large_image\" \/>\n<meta name=\"twitter:label1\" content=\"Written by\" \/>\n\t<meta name=\"twitter:data1\" content=\"comcat\" \/>\n\t<meta name=\"twitter:label2\" content=\"Est. reading time\" \/>\n\t<meta name=\"twitter:data2\" content=\"2 minutes\" \/>\n<script type=\"application\/ld+json\" class=\"yoast-schema-graph\">{\"@context\":\"https:\/\/schema.org\",\"@graph\":[{\"@type\":\"Article\",\"@id\":\"https:\/\/comcat.org\/en\/publication\/favela-no-centro-da-agenda-climatica-video-retrospectivo-de-2025-na-rede-favela-sustentavel\/#article\",\"isPartOf\":{\"@id\":\"https:\/\/comcat.org\/en\/publication\/favela-no-centro-da-agenda-climatica-video-retrospectivo-de-2025-na-rede-favela-sustentavel\/\"},\"author\":{\"name\":\"comcat\",\"@id\":\"https:\/\/comcat.org\/en\/#\/schema\/person\/2c76caf113a4eeb18a2130c19027bde6\"},\"headline\":\"Favela no Centro da Agenda Clim\u00e1tica: V\u00eddeo Retrospectivo de 2025 na Rede Favela Sustent\u00e1vel\",\"datePublished\":\"2026-02-19T19:02:55+00:00\",\"dateModified\":\"2026-04-22T18:20:31+00:00\",\"mainEntityOfPage\":{\"@id\":\"https:\/\/comcat.org\/en\/publication\/favela-no-centro-da-agenda-climatica-video-retrospectivo-de-2025-na-rede-favela-sustentavel\/\"},\"wordCount\":223,\"image\":{\"@id\":\"https:\/\/comcat.org\/en\/publication\/favela-no-centro-da-agenda-climatica-video-retrospectivo-de-2025-na-rede-favela-sustentavel\/#primaryimage\"},\"thumbnailUrl\":\"https:\/\/comcat.org\/wp-content\/uploads\/2026\/02\/Capa-RFS-video-retrospectivo-2025.png\",\"articleSection\":[\"Publication\"],\"inLanguage\":\"en-US\"},{\"@type\":\"WebPage\",\"@id\":\"https:\/\/comcat.org\/en\/publication\/favela-no-centro-da-agenda-climatica-video-retrospectivo-de-2025-na-rede-favela-sustentavel\/\",\"url\":\"https:\/\/comcat.org\/en\/publication\/favela-no-centro-da-agenda-climatica-video-retrospectivo-de-2025-na-rede-favela-sustentavel\/\",\"name\":\"Favela no Centro da Agenda Clim\u00e1tica: V\u00eddeo Retrospectivo de 2025 na Rede Favela Sustent\u00e1vel - Comunidades Catalisadoras | ComCat\",\"isPartOf\":{\"@id\":\"https:\/\/comcat.org\/en\/#website\"},\"primaryImageOfPage\":{\"@id\":\"https:\/\/comcat.org\/en\/publication\/favela-no-centro-da-agenda-climatica-video-retrospectivo-de-2025-na-rede-favela-sustentavel\/#primaryimage\"},\"image\":{\"@id\":\"https:\/\/comcat.org\/en\/publication\/favela-no-centro-da-agenda-climatica-video-retrospectivo-de-2025-na-rede-favela-sustentavel\/#primaryimage\"},\"thumbnailUrl\":\"https:\/\/comcat.org\/wp-content\/uploads\/2026\/02\/Capa-RFS-video-retrospectivo-2025.png\",\"datePublished\":\"2026-02-19T19:02:55+00:00\",\"dateModified\":\"2026-04-22T18:20:31+00:00\",\"author\":{\"@id\":\"https:\/\/comcat.org\/en\/#\/schema\/person\/2c76caf113a4eeb18a2130c19027bde6\"},\"breadcrumb\":{\"@id\":\"https:\/\/comcat.org\/en\/publication\/favela-no-centro-da-agenda-climatica-video-retrospectivo-de-2025-na-rede-favela-sustentavel\/#breadcrumb\"},\"inLanguage\":\"en-US\",\"potentialAction\":[{\"@type\":\"ReadAction\",\"target\":[\"https:\/\/comcat.org\/en\/publication\/favela-no-centro-da-agenda-climatica-video-retrospectivo-de-2025-na-rede-favela-sustentavel\/\"]}]},{\"@type\":\"ImageObject\",\"inLanguage\":\"en-US\",\"@id\":\"https:\/\/comcat.org\/en\/publication\/favela-no-centro-da-agenda-climatica-video-retrospectivo-de-2025-na-rede-favela-sustentavel\/#primaryimage\",\"url\":\"https:\/\/comcat.org\/wp-content\/uploads\/2026\/02\/Capa-RFS-video-retrospectivo-2025.png\",\"contentUrl\":\"https:\/\/comcat.org\/wp-content\/uploads\/2026\/02\/Capa-RFS-video-retrospectivo-2025.png\",\"width\":1920,\"height\":1080},{\"@type\":\"BreadcrumbList\",\"@id\":\"https:\/\/comcat.org\/en\/publication\/favela-no-centro-da-agenda-climatica-video-retrospectivo-de-2025-na-rede-favela-sustentavel\/#breadcrumb\",\"itemListElement\":[{\"@type\":\"ListItem\",\"position\":1,\"name\":\"In\u00edcio\",\"item\":\"https:\/\/comcat.org\/en\/\"},{\"@type\":\"ListItem\",\"position\":2,\"name\":\"Favela no Centro da Agenda Clim\u00e1tica: V\u00eddeo Retrospectivo de 2025 na Rede Favela Sustent\u00e1vel\"}]},{\"@type\":\"WebSite\",\"@id\":\"https:\/\/comcat.org\/en\/#website\",\"url\":\"https:\/\/comcat.org\/en\/\",\"name\":\"Comunidades Catalisadoras | ComCat\",\"description\":\"Solu\u00e7\u00f5es, Comunidades, Redes, Favelas, M\u00eddia Social\",\"potentialAction\":[{\"@type\":\"SearchAction\",\"target\":{\"@type\":\"EntryPoint\",\"urlTemplate\":\"https:\/\/comcat.org\/en\/?s={search_term_string}\"},\"query-input\":{\"@type\":\"PropertyValueSpecification\",\"valueRequired\":true,\"valueName\":\"search_term_string\"}}],\"inLanguage\":\"en-US\"},{\"@type\":\"Person\",\"@id\":\"https:\/\/comcat.org\/en\/#\/schema\/person\/2c76caf113a4eeb18a2130c19027bde6\",\"name\":\"comcat\",\"image\":{\"@type\":\"ImageObject\",\"inLanguage\":\"en-US\",\"@id\":\"https:\/\/comcat.org\/en\/#\/schema\/person\/image\/\",\"url\":\"https:\/\/secure.gravatar.com\/avatar\/b9fdb3317cc687ef5bde6fc0ffa25da9553570a5e21c6eed2693852d6602fe04?s=96&d=mm&r=g\",\"contentUrl\":\"https:\/\/secure.gravatar.com\/avatar\/b9fdb3317cc687ef5bde6fc0ffa25da9553570a5e21c6eed2693852d6602fe04?s=96&d=mm&r=g\",\"caption\":\"comcat\"},\"sameAs\":[\"https:\/\/localhost\"],\"url\":\"https:\/\/comcat.org\/en\/author\/comcat\/\"}]}<\/script>\n<!-- \/ Yoast SEO plugin. -->","yoast_head_json":{"title":"Favela no Centro da Agenda Clim\u00e1tica: V\u00eddeo Retrospectivo de 2025 na Rede Favela Sustent\u00e1vel - Comunidades Catalisadoras | ComCat","robots":{"index":"index","follow":"follow","max-snippet":"max-snippet:-1","max-image-preview":"max-image-preview:large","max-video-preview":"max-video-preview:-1"},"canonical":"https:\/\/comcat.org\/en\/publication\/favela-no-centro-da-agenda-climatica-video-retrospectivo-de-2025-na-rede-favela-sustentavel\/","og_locale":"en_US","og_type":"article","og_title":"Favela no Centro da Agenda Clim\u00e1tica: V\u00eddeo Retrospectivo de 2025 na Rede Favela Sustent\u00e1vel - Comunidades Catalisadoras | ComCat","og_description":"2025 foi um ano de crescente repercuss\u00e3o, dentro das favelas, em Bel\u00e9m e no mundo, das atividades da Rede Favela Sustent\u00e1vel! Assista \u00e0 nossa retrospectiva de 2025 e reviva os momentos centrais que marcaram este ano: \u00a0\ufeff Tivemos o t\u00e3o esperado lan\u00e7amento e circula\u00e7\u00e3o da exposi\u00e7\u00e3o &#8216;Mem\u00f3ria Clim\u00e1tica das Favelas&#8217;, constru\u00edda em rodas entre 2023-2024. [&hellip;]","og_url":"https:\/\/comcat.org\/en\/publication\/favela-no-centro-da-agenda-climatica-video-retrospectivo-de-2025-na-rede-favela-sustentavel\/","og_site_name":"Comunidades Catalisadoras | ComCat","article_published_time":"2026-02-19T19:02:55+00:00","article_modified_time":"2026-04-22T18:20:31+00:00","og_image":[{"width":1024,"height":576,"url":"https:\/\/comcat.org\/wp-content\/uploads\/2026\/02\/Capa-RFS-video-retrospectivo-2025-1024x576.png","type":"image\/png"}],"author":"comcat","twitter_card":"summary_large_image","twitter_misc":{"Written by":"comcat","Est. reading time":"2 minutes"},"schema":{"@context":"https:\/\/schema.org","@graph":[{"@type":"Article","@id":"https:\/\/comcat.org\/en\/publication\/favela-no-centro-da-agenda-climatica-video-retrospectivo-de-2025-na-rede-favela-sustentavel\/#article","isPartOf":{"@id":"https:\/\/comcat.org\/en\/publication\/favela-no-centro-da-agenda-climatica-video-retrospectivo-de-2025-na-rede-favela-sustentavel\/"},"author":{"name":"comcat","@id":"https:\/\/comcat.org\/en\/#\/schema\/person\/2c76caf113a4eeb18a2130c19027bde6"},"headline":"Favela no Centro da Agenda Clim\u00e1tica: V\u00eddeo Retrospectivo de 2025 na Rede Favela Sustent\u00e1vel","datePublished":"2026-02-19T19:02:55+00:00","dateModified":"2026-04-22T18:20:31+00:00","mainEntityOfPage":{"@id":"https:\/\/comcat.org\/en\/publication\/favela-no-centro-da-agenda-climatica-video-retrospectivo-de-2025-na-rede-favela-sustentavel\/"},"wordCount":223,"image":{"@id":"https:\/\/comcat.org\/en\/publication\/favela-no-centro-da-agenda-climatica-video-retrospectivo-de-2025-na-rede-favela-sustentavel\/#primaryimage"},"thumbnailUrl":"https:\/\/comcat.org\/wp-content\/uploads\/2026\/02\/Capa-RFS-video-retrospectivo-2025.png","articleSection":["Publication"],"inLanguage":"en-US"},{"@type":"WebPage","@id":"https:\/\/comcat.org\/en\/publication\/favela-no-centro-da-agenda-climatica-video-retrospectivo-de-2025-na-rede-favela-sustentavel\/","url":"https:\/\/comcat.org\/en\/publication\/favela-no-centro-da-agenda-climatica-video-retrospectivo-de-2025-na-rede-favela-sustentavel\/","name":"Favela no Centro da Agenda Clim\u00e1tica: V\u00eddeo Retrospectivo de 2025 na Rede Favela Sustent\u00e1vel - Comunidades Catalisadoras | ComCat","isPartOf":{"@id":"https:\/\/comcat.org\/en\/#website"},"primaryImageOfPage":{"@id":"https:\/\/comcat.org\/en\/publication\/favela-no-centro-da-agenda-climatica-video-retrospectivo-de-2025-na-rede-favela-sustentavel\/#primaryimage"},"image":{"@id":"https:\/\/comcat.org\/en\/publication\/favela-no-centro-da-agenda-climatica-video-retrospectivo-de-2025-na-rede-favela-sustentavel\/#primaryimage"},"thumbnailUrl":"https:\/\/comcat.org\/wp-content\/uploads\/2026\/02\/Capa-RFS-video-retrospectivo-2025.png","datePublished":"2026-02-19T19:02:55+00:00","dateModified":"2026-04-22T18:20:31+00:00","author":{"@id":"https:\/\/comcat.org\/en\/#\/schema\/person\/2c76caf113a4eeb18a2130c19027bde6"},"breadcrumb":{"@id":"https:\/\/comcat.org\/en\/publication\/favela-no-centro-da-agenda-climatica-video-retrospectivo-de-2025-na-rede-favela-sustentavel\/#breadcrumb"},"inLanguage":"en-US","potentialAction":[{"@type":"ReadAction","target":["https:\/\/comcat.org\/en\/publication\/favela-no-centro-da-agenda-climatica-video-retrospectivo-de-2025-na-rede-favela-sustentavel\/"]}]},{"@type":"ImageObject","inLanguage":"en-US","@id":"https:\/\/comcat.org\/en\/publication\/favela-no-centro-da-agenda-climatica-video-retrospectivo-de-2025-na-rede-favela-sustentavel\/#primaryimage","url":"https:\/\/comcat.org\/wp-content\/uploads\/2026\/02\/Capa-RFS-video-retrospectivo-2025.png","contentUrl":"https:\/\/comcat.org\/wp-content\/uploads\/2026\/02\/Capa-RFS-video-retrospectivo-2025.png","width":1920,"height":1080},{"@type":"BreadcrumbList","@id":"https:\/\/comcat.org\/en\/publication\/favela-no-centro-da-agenda-climatica-video-retrospectivo-de-2025-na-rede-favela-sustentavel\/#breadcrumb","itemListElement":[{"@type":"ListItem","position":1,"name":"In\u00edcio","item":"https:\/\/comcat.org\/en\/"},{"@type":"ListItem","position":2,"name":"Favela no Centro da Agenda Clim\u00e1tica: V\u00eddeo Retrospectivo de 2025 na Rede Favela Sustent\u00e1vel"}]},{"@type":"WebSite","@id":"https:\/\/comcat.org\/en\/#website","url":"https:\/\/comcat.org\/en\/","name":"Comunidades Catalisadoras | ComCat","description":"Solu\u00e7\u00f5es, Comunidades, Redes, Favelas, M\u00eddia Social","potentialAction":[{"@type":"SearchAction","target":{"@type":"EntryPoint","urlTemplate":"https:\/\/comcat.org\/en\/?s={search_term_string}"},"query-input":{"@type":"PropertyValueSpecification","valueRequired":true,"valueName":"search_term_string"}}],"inLanguage":"en-US"},{"@type":"Person","@id":"https:\/\/comcat.org\/en\/#\/schema\/person\/2c76caf113a4eeb18a2130c19027bde6","name":"comcat","image":{"@type":"ImageObject","inLanguage":"en-US","@id":"https:\/\/comcat.org\/en\/#\/schema\/person\/image\/","url":"https:\/\/secure.gravatar.com\/avatar\/b9fdb3317cc687ef5bde6fc0ffa25da9553570a5e21c6eed2693852d6602fe04?s=96&d=mm&r=g","contentUrl":"https:\/\/secure.gravatar.com\/avatar\/b9fdb3317cc687ef5bde6fc0ffa25da9553570a5e21c6eed2693852d6602fe04?s=96&d=mm&r=g","caption":"comcat"},"sameAs":["https:\/\/localhost"],"url":"https:\/\/comcat.org\/en\/author\/comcat\/"}]}},"_links":{"self":[{"href":"https:\/\/comcat.org\/en\/wp-json\/wp\/v2\/posts\/14632","targetHints":{"allow":["GET"]}}],"collection":[{"href":"https:\/\/comcat.org\/en\/wp-json\/wp\/v2\/posts"}],"about":[{"href":"https:\/\/comcat.org\/en\/wp-json\/wp\/v2\/types\/post"}],"author":[{"embeddable":true,"href":"https:\/\/comcat.org\/en\/wp-json\/wp\/v2\/users\/1"}],"replies":[{"embeddable":true,"href":"https:\/\/comcat.org\/en\/wp-json\/wp\/v2\/comments?post=14632"}],"version-history":[{"count":1,"href":"https:\/\/comcat.org\/en\/wp-json\/wp\/v2\/posts\/14632\/revisions"}],"predecessor-version":[{"id":15249,"href":"https:\/\/comcat.org\/en\/wp-json\/wp\/v2\/posts\/14632\/revisions\/15249"}],"wp:featuredmedia":[{"embeddable":true,"href":"https:\/\/comcat.org\/en\/wp-json\/wp\/v2\/media\/14633"}],"wp:attachment":[{"href":"https:\/\/comcat.org\/en\/wp-json\/wp\/v2\/media?parent=14632"}],"wp:term":[{"taxonomy":"category","embeddable":true,"href":"https:\/\/comcat.org\/en\/wp-json\/wp\/v2\/categories?post=14632"},{"taxonomy":"post_tag","embeddable":true,"href":"https:\/\/comcat.org\/en\/wp-json\/wp\/v2\/tags?post=14632"}],"curies":[{"name":"wp","href":"https:\/\/api.w.org\/{rel}","templated":true}]}}