{"id":15704,"date":"2026-02-09T12:44:01","date_gmt":"2026-02-09T15:44:01","guid":{"rendered":"https:\/\/comcat.org\/?p=15704"},"modified":"2026-04-24T13:05:46","modified_gmt":"2026-04-24T16:05:46","slug":"site-under-construction","status":"publish","type":"post","link":"https:\/\/comcat.org\/en\/padrao\/site-under-construction\/","title":{"rendered":"Explore Our New Site Under Construction"},"content":{"rendered":"<p>Welcome to CatComm&#8217;s new website! After years focused on developing site for our projects\u2014<a href=\"http:\/\/www.rioonwatch.org\"><em>RioOnWatch<\/em><\/a>, the <a href=\"http:\/\/www.favelasustentavel.org\/about\">Sustainable Favela Network<\/a>, and the <a href=\"http:\/\/www.termoterritorialcoletivo.org\/about\">Favela Community Land Trust Project<\/a>\u2014we are now preparing, page by page, this new site that will bridge our initiatives\u2014all built collectively alongside hundreds of favela organizers, journalists, and allies. We hope to officially launch the site in July 2026. In the meantime, please enjoy browsing, recognizing that the <a href=\"http:\/\/www.comcat.org\">Portuguese site is nearly ready<\/a> and keeping in mind that the English site is beginning construction.<\/p>\n<p><em>Photo: Green Roof Favela model from the Parque Arar\u00e1 favela in Benfica, Rio de Janeiro.<\/em><\/p>\n","protected":false},"excerpt":{"rendered":"<p>Welcome to CatComm&#8217;s new website! After years focused on developing site for our projects\u2014RioOnWatch, the Sustainable Favela Network, and the Favela Community Land Trust Project\u2014we are now preparing, page by page, this new site that will bridge our initiatives\u2014all built collectively alongside hundreds of favela organizers, journalists, and allies. We hope to officially launch the [&hellip;]<\/p>\n","protected":false},"author":3,"featured_media":15701,"comment_status":"closed","ping_status":"open","sticky":false,"template":"","format":"standard","meta":{"_acf_changed":false,"inline_featured_image":false,"footnotes":""},"categories":[1],"tags":[],"class_list":["post-15704","post","type-post","status-publish","format-standard","has-post-thumbnail","hentry","category-padrao"],"acf":[],"yoast_head":"<!-- This site is optimized with the Yoast SEO plugin v26.9 - https:\/\/yoast.com\/product\/yoast-seo-wordpress\/ -->\n<title>Explore Our New Site Under Construction - Comunidades Catalisadoras | ComCat<\/title>\n<meta name=\"robots\" content=\"index, follow, max-snippet:-1, max-image-preview:large, max-video-preview:-1\" \/>\n<link rel=\"canonical\" href=\"https:\/\/comcat.org\/en\/padrao\/site-under-construction\/\" \/>\n<meta property=\"og:locale\" content=\"en_US\" \/>\n<meta property=\"og:type\" content=\"article\" \/>\n<meta property=\"og:title\" content=\"Explore Our New Site Under Construction - Comunidades Catalisadoras | ComCat\" \/>\n<meta property=\"og:description\" content=\"Welcome to CatComm&#8217;s new website! After years focused on developing site for our projects\u2014RioOnWatch, the Sustainable Favela Network, and the Favela Community Land Trust Project\u2014we are now preparing, page by page, this new site that will bridge our initiatives\u2014all built collectively alongside hundreds of favela organizers, journalists, and allies. We hope to officially launch the [&hellip;]\" \/>\n<meta property=\"og:url\" content=\"https:\/\/comcat.org\/en\/padrao\/site-under-construction\/\" \/>\n<meta property=\"og:site_name\" content=\"Comunidades Catalisadoras | ComCat\" \/>\n<meta property=\"article:published_time\" content=\"2026-02-09T15:44:01+00:00\" \/>\n<meta property=\"article:modified_time\" content=\"2026-04-24T16:05:46+00:00\" \/>\n<meta property=\"og:image\" content=\"https:\/\/comcat.org\/wp-content\/uploads\/2026\/02\/Teto-Verde-Favela.jpg\" \/>\n\t<meta property=\"og:image:width\" content=\"2048\" \/>\n\t<meta property=\"og:image:height\" content=\"1365\" \/>\n\t<meta property=\"og:image:type\" content=\"image\/jpeg\" \/>\n<meta name=\"author\" content=\"Theresa Williamson\" \/>\n<meta name=\"twitter:card\" content=\"summary_large_image\" \/>\n<meta name=\"twitter:label1\" content=\"Written by\" \/>\n\t<meta name=\"twitter:data1\" content=\"Theresa Williamson\" \/>\n\t<meta name=\"twitter:label2\" content=\"Est. reading time\" \/>\n\t<meta name=\"twitter:data2\" content=\"1 minute\" \/>\n<script type=\"application\/ld+json\" class=\"yoast-schema-graph\">{\"@context\":\"https:\/\/schema.org\",\"@graph\":[{\"@type\":\"Article\",\"@id\":\"https:\/\/comcat.org\/en\/padrao\/site-under-construction\/#article\",\"isPartOf\":{\"@id\":\"https:\/\/comcat.org\/en\/padrao\/site-under-construction\/\"},\"author\":{\"name\":\"Theresa Williamson\",\"@id\":\"https:\/\/comcat.org\/en\/#\/schema\/person\/2d3af64d8b8d3f331789fc7812879091\"},\"headline\":\"Explore Our New Site Under Construction\",\"datePublished\":\"2026-02-09T15:44:01+00:00\",\"dateModified\":\"2026-04-24T16:05:46+00:00\",\"mainEntityOfPage\":{\"@id\":\"https:\/\/comcat.org\/en\/padrao\/site-under-construction\/\"},\"wordCount\":107,\"image\":{\"@id\":\"https:\/\/comcat.org\/en\/padrao\/site-under-construction\/#primaryimage\"},\"thumbnailUrl\":\"https:\/\/comcat.org\/wp-content\/uploads\/2026\/02\/Teto-Verde-Favela.jpg\",\"articleSection\":[\"Padr\u00e3o\"],\"inLanguage\":\"en-US\"},{\"@type\":\"WebPage\",\"@id\":\"https:\/\/comcat.org\/en\/padrao\/site-under-construction\/\",\"url\":\"https:\/\/comcat.org\/en\/padrao\/site-under-construction\/\",\"name\":\"Explore Our New Site Under Construction - Comunidades Catalisadoras | ComCat\",\"isPartOf\":{\"@id\":\"https:\/\/comcat.org\/en\/#website\"},\"primaryImageOfPage\":{\"@id\":\"https:\/\/comcat.org\/en\/padrao\/site-under-construction\/#primaryimage\"},\"image\":{\"@id\":\"https:\/\/comcat.org\/en\/padrao\/site-under-construction\/#primaryimage\"},\"thumbnailUrl\":\"https:\/\/comcat.org\/wp-content\/uploads\/2026\/02\/Teto-Verde-Favela.jpg\",\"datePublished\":\"2026-02-09T15:44:01+00:00\",\"dateModified\":\"2026-04-24T16:05:46+00:00\",\"author\":{\"@id\":\"https:\/\/comcat.org\/en\/#\/schema\/person\/2d3af64d8b8d3f331789fc7812879091\"},\"breadcrumb\":{\"@id\":\"https:\/\/comcat.org\/en\/padrao\/site-under-construction\/#breadcrumb\"},\"inLanguage\":\"en-US\",\"potentialAction\":[{\"@type\":\"ReadAction\",\"target\":[\"https:\/\/comcat.org\/en\/padrao\/site-under-construction\/\"]}]},{\"@type\":\"ImageObject\",\"inLanguage\":\"en-US\",\"@id\":\"https:\/\/comcat.org\/en\/padrao\/site-under-construction\/#primaryimage\",\"url\":\"https:\/\/comcat.org\/wp-content\/uploads\/2026\/02\/Teto-Verde-Favela.jpg\",\"contentUrl\":\"https:\/\/comcat.org\/wp-content\/uploads\/2026\/02\/Teto-Verde-Favela.jpg\",\"width\":2048,\"height\":1365},{\"@type\":\"BreadcrumbList\",\"@id\":\"https:\/\/comcat.org\/en\/padrao\/site-under-construction\/#breadcrumb\",\"itemListElement\":[{\"@type\":\"ListItem\",\"position\":1,\"name\":\"In\u00edcio\",\"item\":\"https:\/\/comcat.org\/en\/\"},{\"@type\":\"ListItem\",\"position\":2,\"name\":\"Explore Our New Site Under Construction\"}]},{\"@type\":\"WebSite\",\"@id\":\"https:\/\/comcat.org\/en\/#website\",\"url\":\"https:\/\/comcat.org\/en\/\",\"name\":\"Comunidades Catalisadoras | ComCat\",\"description\":\"Solu\u00e7\u00f5es, Comunidades, Redes, Favelas, M\u00eddia Social\",\"potentialAction\":[{\"@type\":\"SearchAction\",\"target\":{\"@type\":\"EntryPoint\",\"urlTemplate\":\"https:\/\/comcat.org\/en\/?s={search_term_string}\"},\"query-input\":{\"@type\":\"PropertyValueSpecification\",\"valueRequired\":true,\"valueName\":\"search_term_string\"}}],\"inLanguage\":\"en-US\"},{\"@type\":\"Person\",\"@id\":\"https:\/\/comcat.org\/en\/#\/schema\/person\/2d3af64d8b8d3f331789fc7812879091\",\"name\":\"Theresa Williamson\",\"image\":{\"@type\":\"ImageObject\",\"inLanguage\":\"en-US\",\"@id\":\"https:\/\/comcat.org\/en\/#\/schema\/person\/image\/\",\"url\":\"https:\/\/secure.gravatar.com\/avatar\/1a5d26defb8c9e092d3fcef6734c21b333919f9b24f14b4303b78e4305d23971?s=96&d=mm&r=g\",\"contentUrl\":\"https:\/\/secure.gravatar.com\/avatar\/1a5d26defb8c9e092d3fcef6734c21b333919f9b24f14b4303b78e4305d23971?s=96&d=mm&r=g\",\"caption\":\"Theresa Williamson\"},\"url\":\"https:\/\/comcat.org\/en\/author\/theresa_williamson\/\"}]}<\/script>\n<!-- \/ Yoast SEO plugin. -->","yoast_head_json":{"title":"Explore Our New Site Under Construction - Comunidades Catalisadoras | ComCat","robots":{"index":"index","follow":"follow","max-snippet":"max-snippet:-1","max-image-preview":"max-image-preview:large","max-video-preview":"max-video-preview:-1"},"canonical":"https:\/\/comcat.org\/en\/padrao\/site-under-construction\/","og_locale":"en_US","og_type":"article","og_title":"Explore Our New Site Under Construction - Comunidades Catalisadoras | ComCat","og_description":"Welcome to CatComm&#8217;s new website! After years focused on developing site for our projects\u2014RioOnWatch, the Sustainable Favela Network, and the Favela Community Land Trust Project\u2014we are now preparing, page by page, this new site that will bridge our initiatives\u2014all built collectively alongside hundreds of favela organizers, journalists, and allies. We hope to officially launch the [&hellip;]","og_url":"https:\/\/comcat.org\/en\/padrao\/site-under-construction\/","og_site_name":"Comunidades Catalisadoras | ComCat","article_published_time":"2026-02-09T15:44:01+00:00","article_modified_time":"2026-04-24T16:05:46+00:00","og_image":[{"width":2048,"height":1365,"url":"https:\/\/comcat.org\/wp-content\/uploads\/2026\/02\/Teto-Verde-Favela.jpg","type":"image\/jpeg"}],"author":"Theresa Williamson","twitter_card":"summary_large_image","twitter_misc":{"Written by":"Theresa Williamson","Est. reading time":"1 minute"},"schema":{"@context":"https:\/\/schema.org","@graph":[{"@type":"Article","@id":"https:\/\/comcat.org\/en\/padrao\/site-under-construction\/#article","isPartOf":{"@id":"https:\/\/comcat.org\/en\/padrao\/site-under-construction\/"},"author":{"name":"Theresa Williamson","@id":"https:\/\/comcat.org\/en\/#\/schema\/person\/2d3af64d8b8d3f331789fc7812879091"},"headline":"Explore Our New Site Under Construction","datePublished":"2026-02-09T15:44:01+00:00","dateModified":"2026-04-24T16:05:46+00:00","mainEntityOfPage":{"@id":"https:\/\/comcat.org\/en\/padrao\/site-under-construction\/"},"wordCount":107,"image":{"@id":"https:\/\/comcat.org\/en\/padrao\/site-under-construction\/#primaryimage"},"thumbnailUrl":"https:\/\/comcat.org\/wp-content\/uploads\/2026\/02\/Teto-Verde-Favela.jpg","articleSection":["Padr\u00e3o"],"inLanguage":"en-US"},{"@type":"WebPage","@id":"https:\/\/comcat.org\/en\/padrao\/site-under-construction\/","url":"https:\/\/comcat.org\/en\/padrao\/site-under-construction\/","name":"Explore Our New Site Under Construction - Comunidades Catalisadoras | ComCat","isPartOf":{"@id":"https:\/\/comcat.org\/en\/#website"},"primaryImageOfPage":{"@id":"https:\/\/comcat.org\/en\/padrao\/site-under-construction\/#primaryimage"},"image":{"@id":"https:\/\/comcat.org\/en\/padrao\/site-under-construction\/#primaryimage"},"thumbnailUrl":"https:\/\/comcat.org\/wp-content\/uploads\/2026\/02\/Teto-Verde-Favela.jpg","datePublished":"2026-02-09T15:44:01+00:00","dateModified":"2026-04-24T16:05:46+00:00","author":{"@id":"https:\/\/comcat.org\/en\/#\/schema\/person\/2d3af64d8b8d3f331789fc7812879091"},"breadcrumb":{"@id":"https:\/\/comcat.org\/en\/padrao\/site-under-construction\/#breadcrumb"},"inLanguage":"en-US","potentialAction":[{"@type":"ReadAction","target":["https:\/\/comcat.org\/en\/padrao\/site-under-construction\/"]}]},{"@type":"ImageObject","inLanguage":"en-US","@id":"https:\/\/comcat.org\/en\/padrao\/site-under-construction\/#primaryimage","url":"https:\/\/comcat.org\/wp-content\/uploads\/2026\/02\/Teto-Verde-Favela.jpg","contentUrl":"https:\/\/comcat.org\/wp-content\/uploads\/2026\/02\/Teto-Verde-Favela.jpg","width":2048,"height":1365},{"@type":"BreadcrumbList","@id":"https:\/\/comcat.org\/en\/padrao\/site-under-construction\/#breadcrumb","itemListElement":[{"@type":"ListItem","position":1,"name":"In\u00edcio","item":"https:\/\/comcat.org\/en\/"},{"@type":"ListItem","position":2,"name":"Explore Our New Site Under Construction"}]},{"@type":"WebSite","@id":"https:\/\/comcat.org\/en\/#website","url":"https:\/\/comcat.org\/en\/","name":"Comunidades Catalisadoras | ComCat","description":"Solu\u00e7\u00f5es, Comunidades, Redes, Favelas, M\u00eddia Social","potentialAction":[{"@type":"SearchAction","target":{"@type":"EntryPoint","urlTemplate":"https:\/\/comcat.org\/en\/?s={search_term_string}"},"query-input":{"@type":"PropertyValueSpecification","valueRequired":true,"valueName":"search_term_string"}}],"inLanguage":"en-US"},{"@type":"Person","@id":"https:\/\/comcat.org\/en\/#\/schema\/person\/2d3af64d8b8d3f331789fc7812879091","name":"Theresa Williamson","image":{"@type":"ImageObject","inLanguage":"en-US","@id":"https:\/\/comcat.org\/en\/#\/schema\/person\/image\/","url":"https:\/\/secure.gravatar.com\/avatar\/1a5d26defb8c9e092d3fcef6734c21b333919f9b24f14b4303b78e4305d23971?s=96&d=mm&r=g","contentUrl":"https:\/\/secure.gravatar.com\/avatar\/1a5d26defb8c9e092d3fcef6734c21b333919f9b24f14b4303b78e4305d23971?s=96&d=mm&r=g","caption":"Theresa Williamson"},"url":"https:\/\/comcat.org\/en\/author\/theresa_williamson\/"}]}},"_links":{"self":[{"href":"https:\/\/comcat.org\/en\/wp-json\/wp\/v2\/posts\/15704","targetHints":{"allow":["GET"]}}],"collection":[{"href":"https:\/\/comcat.org\/en\/wp-json\/wp\/v2\/posts"}],"about":[{"href":"https:\/\/comcat.org\/en\/wp-json\/wp\/v2\/types\/post"}],"author":[{"embeddable":true,"href":"https:\/\/comcat.org\/en\/wp-json\/wp\/v2\/users\/3"}],"replies":[{"embeddable":true,"href":"https:\/\/comcat.org\/en\/wp-json\/wp\/v2\/comments?post=15704"}],"version-history":[{"count":4,"href":"https:\/\/comcat.org\/en\/wp-json\/wp\/v2\/posts\/15704\/revisions"}],"predecessor-version":[{"id":15711,"href":"https:\/\/comcat.org\/en\/wp-json\/wp\/v2\/posts\/15704\/revisions\/15711"}],"wp:featuredmedia":[{"embeddable":true,"href":"https:\/\/comcat.org\/en\/wp-json\/wp\/v2\/media\/15701"}],"wp:attachment":[{"href":"https:\/\/comcat.org\/en\/wp-json\/wp\/v2\/media?parent=15704"}],"wp:term":[{"taxonomy":"category","embeddable":true,"href":"https:\/\/comcat.org\/en\/wp-json\/wp\/v2\/categories?post=15704"},{"taxonomy":"post_tag","embeddable":true,"href":"https:\/\/comcat.org\/en\/wp-json\/wp\/v2\/tags?post=15704"}],"curies":[{"name":"wp","href":"https:\/\/api.w.org\/{rel}","templated":true}]}}