{"id":15999,"date":"2026-04-13T17:32:08","date_gmt":"2026-04-13T20:32:08","guid":{"rendered":"https:\/\/comcat.org\/padrao\/ttc-atualizado-com-materiais-oficinas\/"},"modified":"2026-04-13T17:32:08","modified_gmt":"2026-04-13T20:32:08","slug":"ttc-atualizado-com-materiais-oficinas","status":"publish","type":"post","link":"https:\/\/comcat.org\/en\/impact\/highlight\/ttc-atualizado-com-materiais-oficinas\/","title":{"rendered":"TTC &#8211; Atualizado com materiais oficinas"},"content":{"rendered":"<p>O mais novo projeto da Comunidades Catalisadoras, de desenvolvimento de\u00a0<b>Termos Territoriais Coletivos\u00a0<\/b>em favelas do Rio de Janeiro, tem o potencial de oferecer um modelo de seguran\u00e7a fundi\u00e1ria para assentamentos informais em todo o mundo. Esse modelo de organiza\u00e7\u00e3o local permite que moradores tenham propriedade\u00a0individual\u00a0de suas casas, ao mesmo tempo que mantenham uma associa\u00e7\u00e3o que tem propriedade coletiva da terra sob as casas, e que assim possam administrar essa terra para fins de moradia acess\u00edvel em perpetuidade. O modelo oferece o maior n\u00edvel de seguran\u00e7a fundi\u00e1ria poss\u00edvel, enquanto preserva o direito dos moradores de desenvolver coletivamente o bairro e de vender, como indiv\u00edduos, suas casas. A ferramenta oferece o m\u00e1ximo de prote\u00e7\u00e3o \u00e0s favelas tanto da\u00a0<a href=\"https:\/\/comcat.org\/?p=12310\" target=\"_blank\" rel=\"noopener\"><strong>remo\u00e7\u00e3o<\/strong><\/a>\u00a0quanto da\u00a0<a href=\"https:\/\/comcat.org\/?p=12311\" target=\"_blank\" rel=\"noopener\"><strong>gentrifica\u00e7\u00e3o<\/strong><\/a>.<\/p>\n<p>No momento estamos desenvolvendo uma\u00a0<b>proposta legislativa<\/b>\u00a0para tornar esse modelo vi\u00e1vel no Brasil e estamos trabalhando com\u00a0<span class=\"il\">favelas<\/span>\u00a0no Rio de Janeiro com interesse em estabelecer um Termo Territorial Comunit\u00e1rio\u00a0<b>piloto<\/b>. Entre 23-27 de agosto de 2018, realizamos <strong>oficinas<\/strong> sobre o assunto com representantes do Ca\u00f1o Mart\u00edn Pe\u00f1a, um conjunto de oito favelas que\u00a0<a href=\"http:\/\/bit.ly\/2sDUcQj\" target=\"_blank\" rel=\"noopener\" data-saferedirecturl=\"https:\/\/www.google.com\/url?q=http:\/\/bit.ly\/2sDUcQj&amp;source=gmail&amp;ust=1534361089340000&amp;usg=AFQjCNGqjPW9Qe95KiLEyBLTPLrHs7UkiA\">j\u00e1 estabeleceu um sistema similar<\/a>\u00a0no Porto Rico. Encontre mais informa\u00e7\u00f5es sobre as oficinas abaixo.<\/p>\n<h3>Entendendo o que \u00e9 um Termo Territorial Coletivo<\/h3>\n<p>O TTC (em ingl\u00eas, Community Land Trust ou CLT) come\u00e7ou no Estados Unidos como um modelo de regulariza\u00e7\u00e3o fundi\u00e1ria que <a href=\"http:\/\/bit.ly\/2CEtnVd\" target=\"_blank\" rel=\"noopener\">emergiu do movimento de direitos civis na d\u00e9cada de 60<\/a>. De l\u00e1 para c\u00e1, ele tem se espalhado atrav\u00e9s dos continentes e contextos, resultando numa abund\u00e2ncia de regras e estruturas. O TTC tem se mostrado a forma mais robusta de garantir moradia a pre\u00e7os acess\u00edveis a longo prazo.<\/p>\n<p><a href=\"http:\/\/bit.ly\/2neFgYb\" target=\"_blank\" rel=\"noopener\">Os TTCs tradicionais<\/a>\u00a0s\u00e3o estabelecidos como organiza\u00e7\u00f5es sem fins lucrativos, que possuem e mant\u00eam a terra. Os moradores possuem suas respectivas constru\u00e7\u00f5es e, na pr\u00e1tica, s\u00e3o co-propriet\u00e1rios do terreno associado, pois orientam e governam a organiza\u00e7\u00e3o sem fins lucrativos propriet\u00e1ria das terras, como membros do TTC. Como a terra \u00e9 normalmente o custo prim\u00e1rio no valor da habita\u00e7\u00e3o urbana, fazer com que o TTC absorva isso, \u00e0s vezes com o apoio do governo, permite que os pre\u00e7os das casas permane\u00e7am acess\u00edveis economicamente.<\/p>\n<h4>Componentes centrais do modelo TTC:<\/h4>\n<ul>\n<li><strong>Ades\u00e3o espont\u00e2nea.<\/strong> Os participantes do TTC devem optar por fazer parte do TTC, comprometidos com a meta do TTC de investir na comunidade enquanto ao mesmo tempo mantendo-a com pre\u00e7os permanentemente acess\u00edveis.<\/li>\n<li><strong>Propriedade coletiva da terra<\/strong>. O TTC \u00e9 propriet\u00e1rio do terreno em que opera e \u00e9 composto por membros da comunidade residente.<\/li>\n<li><strong>Casas de propriedade individual<\/strong>. Os moradores t\u00eam propriedade da casa em que moram, podem investir nela e vend\u00ea-la. O valor da casa se mant\u00e9m mais acess\u00edvel do que em outros lugares pela n\u00e3o-inclus\u00e3o do valor da terra do pre\u00e7o de venda (j\u00e1 que a terra pertence ao TTC). Em alguns casos no mundo, a casa deve ser vendida ou oferecida primeiro ao TTC, que a revende para aqueles que atendam aos crit\u00e9rios de elegibilidade (baixa renda); ou o pre\u00e7o permitido para revenda \u00e9 estabelecido no estatuto durante a cria\u00e7\u00e3o do TTC.<\/li>\n<li><strong>Controle comunit\u00e1rio<\/strong>. A Diretoria do TTC \u00e9 eleita apenas pelos moradores do TTC e tem o poder de conduzir um amplo desenvolvimento comunit\u00e1rio, al\u00e9m de administrar a terra. Normalmente, a Diretoria \u00e9 composta por uma estrutura tripartite que garante a natureza permanente de sua miss\u00e3o. Ela \u00e9 frequentemente composta por \u2153 pessoas donas de suas casas nas terras do TTC, \u2153 assessores t\u00e9cnicos, e \u2153 pessoas que residem no bairro.in<\/li>\n<li><strong>Acess\u00edvel para a perpetuidade<\/strong>. O objetivo primordial do TTC \u00e9 garantir moradias a pre\u00e7os permanentemente acess\u00edveis.<\/li>\n<\/ul>\n<h3><strong>TTCs em Favelas<\/strong><\/h3>\n<p><span style=\"font-weight: 400;\"><a href=\"http:\/\/localhost\/wp-content\/uploads\/2018\/08\/Santa-Marta-by-Antoine-Horenbeek-1.jpg\"><img loading=\"lazy\" decoding=\"async\" class=\"size-medium wp-image-4098 alignright\" src=\"http:\/\/comcat.org\/wp-content\/uploads\/2018\/08\/Santa-Marta-by-Antoine-Horenbeek-350x233.jpg\" alt=\"\" width=\"350\" height=\"233\" \/><\/a>A l\u00f3gica b\u00e1sica da governan\u00e7a de um TTC n\u00e3o \u00e9 t\u00e3o diferente daquela das favelas hoje, embora formalizada. Hoje, os moradores possuem e vendem suas casas a pre\u00e7os acess\u00edveis por meio de um mercado imobili\u00e1rio paralelo ativo. Enquanto isso, eles n\u00e3o s\u00e3o donos da terra em que vivem, que, de certa forma, \u00e9 de propriedade coletiva, uma vez que tende a ser propriedade p\u00fablica. Por fim, as associa\u00e7\u00f5es de moradores e outras institui\u00e7\u00f5es da vizinhan\u00e7a promovem e lutam por melhorias de infraestrutura na comunidade, chegando a manter registros de vendas de resid\u00eancias.<br \/>\n<\/span><\/p>\n<p><span style=\"font-weight: 400;\">A principal diferen\u00e7a entre os dois \u00e9 que as favelas s\u00e3o mantidas prec\u00e1rias atrav\u00e9s de uma governan\u00e7a t\u00eanue sobre elas pelas autoridades, enquanto os TTCs s\u00e3o sancionados para administrar terras, representar a comunidade e agir para melhorar essas terras. A regulariza\u00e7\u00e3o das favelas do Rio por meio de uma estrutura de TTC resolveria seus principais desafios de desenvolvimento: seguran\u00e7a fundi\u00e1ria (tanto de remo\u00e7\u00f5es pelo poder p\u00fablico quanto de for\u00e7as especulativas do mercado), formaliza\u00e7\u00e3o de institui\u00e7\u00f5es, esfor\u00e7os de melhoria e reconhecimento p\u00fablico e legal.<\/span><\/p>\n<p>Al\u00e9m disso, o TTC representa uma abordagem que reconhece e at\u00e9 mesmo\u00a0<a href=\"http:\/\/bit.ly\/2LiwfdB\" target=\"_blank\" rel=\"noopener\">acolhe e constr\u00f3i a partir da complexidade e do dinamismo inerentes<\/a>\u00a0a esses bairros, sem comprometer suas qualidades existentes.<\/p>\n<h3>Artigo de Theresa Williamson na revista <em>Land Lines<\/em><\/h3>\n<p>Entenda mais sobre o TTC e sua aplica\u00e7\u00e3o em assentamentos informais e no contexto brasileiro lendo o artigo escrito por Theresa Williamson, diretora executiva da ComCat, e publicado na\u00a0<a href=\"http:\/\/bit.ly\/2LVKOEf\" target=\"_blank\" rel=\"noopener\">Revista<em> Land Lines<\/em><\/a> do\u00a0<a href=\"http:\/\/bit.ly\/2Mhl2qV\" target=\"_blank\" rel=\"noopener\">Instituto Lincoln de Pol\u00edticas de Terras<\/a>.\u00a0Leia aqui o artigo\u00a0<a href=\"http:\/\/bit.ly\/TTCnoROW\" target=\"_blank\" rel=\"noopener\"><strong>\u2018Ser\u00e1 que um Termo Territorial Coletivo (TTC) Aplicado a Favelas Poderia Resolver a Crise Mundial de Moradia Acess\u00edvel?<\/strong><\/a>\u2019, que est\u00e1 sendo publicado em portugu\u00eas, em formato de s\u00e9rie, no <em>RioOnWatch<\/em>.<\/p>\n<h3><strong>O TTC do Ca\u00f1o Mart\u00edn Pe\u00f1a, em Porto Rico<\/strong><\/h3>\n<p><span style=\"font-weight: 400;\"><a href=\"http:\/\/comcat.org\/wp-content\/uploads\/2018\/08\/CLT-Martin-Pen\u0303a2-e1534344898813.jpg\"><img loading=\"lazy\" decoding=\"async\" class=\"size-full wp-image-4120 alignright\" src=\"http:\/\/comcat.org\/wp-content\/uploads\/2018\/08\/CLT-Martin-Pen\u0303a2-e1534344898813.jpg\" alt=\"\" width=\"350\" height=\"260\" srcset=\"https:\/\/comcat.org\/wp-content\/uploads\/2018\/08\/CLT-Martin-Pen\u0303a2-e1534344898813.jpg 350w, https:\/\/comcat.org\/wp-content\/uploads\/2018\/08\/CLT-Martin-Pen\u0303a2-e1534344898813-300x223.jpg 300w\" sizes=\"auto, (max-width: 350px) 100vw, 350px\" \/><\/a>A grande inspira\u00e7\u00e3o para nosso projeto de estabelecimento de TTCs em favelas do Rio s\u00e3o os assentamentos informais do Ca\u00f1o Mart\u00edn Pe\u00f1a\u2014<a href=\"http:\/\/bit.ly\/2sDUcQj\" target=\"_blank\" rel=\"noopener\">as primeiras favelas do mundo a se organizarem sob um Termo Territorial Coletivo<\/a>. Localizado em San Juan, Porto Rico, esse conjunto de favelas combateu a gentrifica\u00e7\u00e3o<\/span>\u00a0<span style=\"font-weight: 400;\">atrav\u00e9s da institui\u00e7\u00e3o de um modelo de TTC no in\u00edcio dos anos 2000. Hoje, o Ca\u00f1o \u00e9 um exemplo amplamente estudado da efic\u00e1cia dos TTCs no fornecimento de propriedades formais e tituladas sem o risco de gentrifica\u00e7\u00e3o, constru\u00eddos sobre os atributos sociais existentes na comunidade. Al\u00e9m de terem estabelecido um TTC composto por\u00a02.000 fam\u00edlias, os moradores do Ca\u00f1o conseguiram aprovar uma <a href=\"http:\/\/localhost\/wp-content\/uploads\/2018\/09\/Lei-489-Can\u0303o-Marti\u0301n-Pen\u0303a.pdf\" target=\"_blank\" rel=\"noopener\">lei que enfatiza o papel do TTC<\/a> como mecanismo de posse coletiva para resolver o problema da falta de t\u00edtulos de propriedade e evitar o deslocamento involunt\u00e1rio dos moradores.<\/span><\/p>\n<p><span style=\"color: #ff6600;\">Confira abaixo o v\u00eddeo que apresenta de forma pr\u00e1tica e enxuta o que \u00e9 o TTC do Ca\u00f1o Mart\u00edn Pe\u00f1a.<\/span><\/p>\n<h3><strong>Oficinas com a delega\u00e7\u00e3o do Porto Rico<\/strong><\/h3>\n<p>Em agosto de 2018 a Comunidades Catalisadoras promoveu uma s\u00e9rie de oficinas para debater o modelo TTC com uma delega\u00e7\u00e3o do Ca\u00f1o Mart\u00edn Pe\u00f1a, que veio ao Rio exclusivamante para isso. Foram cinco dias repletos de trocas, reflex\u00f5es e aprendizados. As oficinas foram o pontap\u00e9 inicial para as investiga\u00e7\u00f5es da aplicabilidade do\u00a0<span class=\"il\">TTC<\/span>\u00a0em solo brasileiro e nas favelas cariocas.<\/p>\n<p>Al\u00e9m da ComCat e do Fideicomiso de la Tierra del Ca\u00f1o Mart\u00edn Pe\u00f1a, contribu\u00edram para a constru\u00e7\u00e3o das oficinas: LEDUB &#8211; Laborat\u00f3rio de Estudos das Transforma\u00e7\u00f5es do Direito Urban\u00edstico Brasileiro,\u00a0Defensoria P\u00fablica do Estado do Rio de Janeiro &#8211; N\u00facleo de Terras e Habita\u00e7\u00e3o, Pastoral de Favelas do Rio de Janeiro, CAU\/RJ &#8211; Conselho de Arquitetura e Urbanismo, Instituto Lincoln de Pol\u00edticas de Terra, Center for CLT Innovation &#8211; Global Land Alliance e AMVV &#8211; Associa\u00e7\u00e3o dos Moradores da Vila do Vidigal.<\/p>\n<p><a href=\"http:\/\/localhost\/wp-content\/uploads\/2018\/09\/Oficina-TTC_Agenda.jpg\"><img loading=\"lazy\" decoding=\"async\" class=\"alignnone wp-image-4194 size-large\" title=\"Flyer de divulga\u00e7\u00e3o das oficinas.\" src=\"http:\/\/comcat.org\/wp-content\/uploads\/2018\/09\/Oficina-TTC_Agenda-1024x922.jpg\" alt=\"\" width=\"620\" height=\"558\" srcset=\"https:\/\/comcat.org\/wp-content\/uploads\/2018\/09\/Oficina-TTC_Agenda-1024x922.jpg 1024w, https:\/\/comcat.org\/wp-content\/uploads\/2018\/09\/Oficina-TTC_Agenda-300x270.jpg 300w, https:\/\/comcat.org\/wp-content\/uploads\/2018\/09\/Oficina-TTC_Agenda-768x691.jpg 768w, https:\/\/comcat.org\/wp-content\/uploads\/2018\/09\/Oficina-TTC_Agenda-500x450.jpg 500w, https:\/\/comcat.org\/wp-content\/uploads\/2018\/09\/Oficina-TTC_Agenda-420x378.jpg 420w, https:\/\/comcat.org\/wp-content\/uploads\/2018\/09\/Oficina-TTC_Agenda.jpg 1200w\" sizes=\"auto, (max-width: 620px) 100vw, 620px\" \/><\/a><\/p>\n<h4>Delega\u00e7\u00e3o do Porto Rico<\/h4>\n<ul>\n<li>Lyvia Rodr\u00edguez Del Valle &#8211; Diretora Executiva do TTC Ca\u00f1o Mart\u00edn Pe\u00f1a<\/li>\n<li>Alejandro Cott\u00e9 Morales &#8211; Diretor de Participa\u00e7\u00e3o e Desenvolvimento Social do Projeto ENLACE do Ca\u00f1o Mart\u00edn Pe\u00f1a<\/li>\n<li>Evelyn Qui\u00f1ones Ortiz &#8211; Vice-Presidente do G-8 Grupo de Oito Comunidades Ca\u00f1o Mart\u00edn Pe\u00f1a<\/li>\n<li>Mario Nu\u00f1ez Mercado &#8211; Tesoureiro e Representante P\u00fablico do G-8 Grupo de Oito Comunidades Ca\u00f1o Mart\u00edn Pe\u00f1a<\/li>\n<li>Line Algoed &#8211; Pesquisadora e Colaboradora do TTC Ca\u00f1o Mart\u00edn Pe\u00f1a<\/li>\n<\/ul>\n<h4>Registros das Oficinas<\/h4>\n<p>Relatos no <em>RioOnWatch<\/em><\/p>\n<ul>\n<li><span style=\"color: #ff6600;\">Oficina Comunit\u00e1ria<\/span><\/li>\n<li><span style=\"color: #ff6600;\">Oficina Legislativa<\/span><\/li>\n<li><span style=\"color: #ff6600;\">Apresenta\u00e7\u00e3o para autoridades e apresenta\u00e7\u00e3o final<\/span><\/li>\n<\/ul>\n<p>Fotos<\/p>\n<p><span style=\"color: #ff6600;\">Dia 1 | Dia 2 | Dia 3 | Dia 4 | Dia 5<\/span><\/p>\n<p>V\u00eddeos<\/p>\n<p><span style=\"color: #ff6600;\">Dia 1 | Dia 2 | Dia 3 | Dia 4 | Dia 5<\/span><\/p>\n<p>Grava\u00e7\u00f5es de \u00c1udio<\/p>\n<p><span style=\"color: #ff6600;\">Dia 1 | Dia 2 | Dia 3 | Dia 4 | Dia 5<\/span><\/p>\n<p>Apresenta\u00e7\u00f5es<\/p>\n<p><span style=\"color: #ff6600;\">Dia 1 | Dia 2 | Dia 3 | Dia 4 | Dia 5<\/span><\/p>\n<p><span style=\"color: #ff6600;\">Rela\u00e7\u00e3o de perguntas mais frequentes feitas para a delega\u00e7\u00e3o do Ca\u00f1o<\/span><\/p>\n<h3>Grupo de Trabalho sobre TTCs<\/h3>\n<p>Um grupo de moradores e apoiadores t\u00e9cnicos est\u00e1 atuando em conjunto para dar continuidade ao movimento iniciado nas oficinas e desenvolver a ferramenta do TTC para uso no Rio. Durante as reuni\u00f5es quinzenais, os membros elaboram quest\u00f5es ligadas \u00e0 mobiliza\u00e7\u00e3o comunit\u00e1ria e \u00e0 legisla\u00e7\u00e3o fundi\u00e1ria. Caso tenha interesse em participar, entre em contato pelo email ttc@comcat.org com o assunto &#8220;GT do TTC &#8211; Interesse em participar&#8221;.<\/p>\n<h3>Mais informa\u00e7\u00f5es sobre Termos Territoriais Coletivos:<\/h3>\n<ul>\n<li>PDF: <a href=\"http:\/\/comcat.org\/wp-content\/uploads\/2018\/08\/O-Termo-Territorial-Coletivo-TTC-Aplicado-a%CC%80s-Favelas-Poderia-Resolver-a-Crise-Mundial-de-Moradia.pdf\" target=\"_blank\" rel=\"noopener\">O Termo Territorial Coletivo (TTC) Aplicado \u00e0s Favelas Poderia Resolver a Crise Mundial de Moradia?<\/a><\/li>\n<li>PDF:\u00a0<a href=\"http:\/\/bit.ly\/2BvZPZj\" target=\"_blank\" rel=\"noopener\">Componentes Gen\u00e9ricos de um TTC em qualquer contexto<\/a><\/li>\n<li>PDF:\u00a0<a href=\"http:\/\/bit.ly\/2w1bEl0\" target=\"_blank\" rel=\"noopener\">Condi\u00e7\u00f5es de Vizinhan\u00e7a e Caracter\u00edsticas que Apoiam o Estabelecimento de um Novo TTC<\/a><\/li>\n<li>PDF: <a href=\"http:\/\/bit.ly\/2Mo1uFo\" target=\"_blank\" rel=\"noopener\">12 Benef\u00edcios Pessoais Para Aqueles que Possuem uma Casa Atrav\u00e9s do TTC<\/a><\/li>\n<li>PDF: <a href=\"http:\/\/bit.ly\/2BE58pR\" target=\"_blank\" rel=\"noopener\">Parecer jur\u00eddico sobre legisla\u00e7\u00e3o brasileira em rela\u00e7\u00e3o ao instrumento TTC, preparado para o Lincoln Institute of Land Policy<\/a><\/li>\n<li><a href=\"http:\/\/bit.ly\/ROW-TTC\" target=\"_blank\" rel=\"noopener\">Mat\u00e9rias no\u00a0<em>RioOnWatch <\/em>sobre o tema<\/a><\/li>\n<\/ul>\n<p>&nbsp;<\/p>\n<ul>\n<li>Oficina Comunit\u00e1ria<\/li>\n<li>Oficina Legislativa<\/li>\n<li>Oficina Comunit\u00e1ria na Barrinha<\/li>\n<li>Oficina Comunit\u00e1ria no Vidigal<\/li>\n<li>Apresenta\u00e7\u00e3o para autoridades<\/li>\n<li>Apresenta\u00e7\u00e3o Final<\/li>\n<\/ul>\n","protected":false},"excerpt":{"rendered":"<p>O mais novo projeto da Comunidades Catalisadoras, de desenvolvimento de\u00a0Termos Territoriais Coletivos\u00a0em favelas do Rio de Janeiro, tem o potencial de oferecer um modelo de seguran\u00e7a fundi\u00e1ria para assentamentos informais em todo o mundo. Esse modelo de organiza\u00e7\u00e3o local permite que moradores tenham propriedade\u00a0individual\u00a0de suas casas, ao mesmo tempo que mantenham uma associa\u00e7\u00e3o que tem [&hellip;]<\/p>\n","protected":false},"author":1,"featured_media":0,"comment_status":"closed","ping_status":"closed","sticky":false,"template":"","format":"standard","meta":{"_acf_changed":false,"inline_featured_image":false,"footnotes":""},"categories":[312],"tags":[],"class_list":["post-15999","post","type-post","status-publish","format-standard","hentry","category-highlight"],"acf":[],"yoast_head":"<!-- This site is optimized with the Yoast SEO plugin v26.9 - https:\/\/yoast.com\/product\/yoast-seo-wordpress\/ -->\n<title>TTC - Atualizado com materiais oficinas - Comunidades Catalisadoras | ComCat<\/title>\n<meta name=\"robots\" content=\"index, follow, max-snippet:-1, max-image-preview:large, max-video-preview:-1\" \/>\n<link rel=\"canonical\" href=\"https:\/\/comcat.org\/en\/impact\/highlight\/ttc-atualizado-com-materiais-oficinas\/\" \/>\n<meta property=\"og:locale\" content=\"en_US\" \/>\n<meta property=\"og:type\" content=\"article\" \/>\n<meta property=\"og:title\" content=\"TTC - Atualizado com materiais oficinas - Comunidades Catalisadoras | ComCat\" \/>\n<meta property=\"og:description\" content=\"O mais novo projeto da Comunidades Catalisadoras, de desenvolvimento de\u00a0Termos Territoriais Coletivos\u00a0em favelas do Rio de Janeiro, tem o potencial de oferecer um modelo de seguran\u00e7a fundi\u00e1ria para assentamentos informais em todo o mundo. Esse modelo de organiza\u00e7\u00e3o local permite que moradores tenham propriedade\u00a0individual\u00a0de suas casas, ao mesmo tempo que mantenham uma associa\u00e7\u00e3o que tem [&hellip;]\" \/>\n<meta property=\"og:url\" content=\"https:\/\/comcat.org\/en\/impact\/highlight\/ttc-atualizado-com-materiais-oficinas\/\" \/>\n<meta property=\"og:site_name\" content=\"Comunidades Catalisadoras | ComCat\" \/>\n<meta property=\"article:published_time\" content=\"2026-04-13T20:32:08+00:00\" \/>\n<meta property=\"og:image\" content=\"https:\/\/comcat.org\/wp-content\/uploads\/2018\/08\/Santa-Marta-by-Antoine-Horenbeek-1.jpg\" \/>\n\t<meta property=\"og:image:width\" content=\"2048\" \/>\n\t<meta property=\"og:image:height\" content=\"1365\" \/>\n\t<meta property=\"og:image:type\" content=\"image\/jpeg\" \/>\n<meta name=\"author\" content=\"comcat\" \/>\n<meta name=\"twitter:card\" content=\"summary_large_image\" \/>\n<meta name=\"twitter:label1\" content=\"Written by\" \/>\n\t<meta name=\"twitter:data1\" content=\"comcat\" \/>\n\t<meta name=\"twitter:label2\" content=\"Est. reading time\" \/>\n\t<meta name=\"twitter:data2\" content=\"8 minutes\" \/>\n<script type=\"application\/ld+json\" class=\"yoast-schema-graph\">{\"@context\":\"https:\/\/schema.org\",\"@graph\":[{\"@type\":\"Article\",\"@id\":\"https:\/\/comcat.org\/en\/impact\/highlight\/ttc-atualizado-com-materiais-oficinas\/#article\",\"isPartOf\":{\"@id\":\"https:\/\/comcat.org\/en\/impact\/highlight\/ttc-atualizado-com-materiais-oficinas\/\"},\"author\":{\"name\":\"comcat\",\"@id\":\"https:\/\/comcat.org\/en\/#\/schema\/person\/2c76caf113a4eeb18a2130c19027bde6\"},\"headline\":\"TTC &#8211; Atualizado com materiais oficinas\",\"datePublished\":\"2026-04-13T20:32:08+00:00\",\"mainEntityOfPage\":{\"@id\":\"https:\/\/comcat.org\/en\/impact\/highlight\/ttc-atualizado-com-materiais-oficinas\/\"},\"wordCount\":1684,\"image\":{\"@id\":\"https:\/\/comcat.org\/en\/impact\/highlight\/ttc-atualizado-com-materiais-oficinas\/#primaryimage\"},\"thumbnailUrl\":\"http:\/\/comcat.org\/wp-content\/uploads\/2018\/08\/Santa-Marta-by-Antoine-Horenbeek-350x233.jpg\",\"articleSection\":[\"Highlight\"],\"inLanguage\":\"en-US\"},{\"@type\":\"WebPage\",\"@id\":\"https:\/\/comcat.org\/en\/impact\/highlight\/ttc-atualizado-com-materiais-oficinas\/\",\"url\":\"https:\/\/comcat.org\/en\/impact\/highlight\/ttc-atualizado-com-materiais-oficinas\/\",\"name\":\"TTC - Atualizado com materiais oficinas - Comunidades Catalisadoras | ComCat\",\"isPartOf\":{\"@id\":\"https:\/\/comcat.org\/en\/#website\"},\"primaryImageOfPage\":{\"@id\":\"https:\/\/comcat.org\/en\/impact\/highlight\/ttc-atualizado-com-materiais-oficinas\/#primaryimage\"},\"image\":{\"@id\":\"https:\/\/comcat.org\/en\/impact\/highlight\/ttc-atualizado-com-materiais-oficinas\/#primaryimage\"},\"thumbnailUrl\":\"http:\/\/comcat.org\/wp-content\/uploads\/2018\/08\/Santa-Marta-by-Antoine-Horenbeek-350x233.jpg\",\"datePublished\":\"2026-04-13T20:32:08+00:00\",\"author\":{\"@id\":\"https:\/\/comcat.org\/en\/#\/schema\/person\/2c76caf113a4eeb18a2130c19027bde6\"},\"breadcrumb\":{\"@id\":\"https:\/\/comcat.org\/en\/impact\/highlight\/ttc-atualizado-com-materiais-oficinas\/#breadcrumb\"},\"inLanguage\":\"en-US\",\"potentialAction\":[{\"@type\":\"ReadAction\",\"target\":[\"https:\/\/comcat.org\/en\/impact\/highlight\/ttc-atualizado-com-materiais-oficinas\/\"]}]},{\"@type\":\"ImageObject\",\"inLanguage\":\"en-US\",\"@id\":\"https:\/\/comcat.org\/en\/impact\/highlight\/ttc-atualizado-com-materiais-oficinas\/#primaryimage\",\"url\":\"http:\/\/comcat.org\/wp-content\/uploads\/2018\/08\/Santa-Marta-by-Antoine-Horenbeek-350x233.jpg\",\"contentUrl\":\"http:\/\/comcat.org\/wp-content\/uploads\/2018\/08\/Santa-Marta-by-Antoine-Horenbeek-350x233.jpg\"},{\"@type\":\"BreadcrumbList\",\"@id\":\"https:\/\/comcat.org\/en\/impact\/highlight\/ttc-atualizado-com-materiais-oficinas\/#breadcrumb\",\"itemListElement\":[{\"@type\":\"ListItem\",\"position\":1,\"name\":\"In\u00edcio\",\"item\":\"https:\/\/comcat.org\/en\/\"},{\"@type\":\"ListItem\",\"position\":2,\"name\":\"TTC &#8211; Atualizado com materiais oficinas\"}]},{\"@type\":\"WebSite\",\"@id\":\"https:\/\/comcat.org\/en\/#website\",\"url\":\"https:\/\/comcat.org\/en\/\",\"name\":\"Comunidades Catalisadoras | ComCat\",\"description\":\"Solu\u00e7\u00f5es, Comunidades, Redes, Favelas, M\u00eddia Social\",\"potentialAction\":[{\"@type\":\"SearchAction\",\"target\":{\"@type\":\"EntryPoint\",\"urlTemplate\":\"https:\/\/comcat.org\/en\/?s={search_term_string}\"},\"query-input\":{\"@type\":\"PropertyValueSpecification\",\"valueRequired\":true,\"valueName\":\"search_term_string\"}}],\"inLanguage\":\"en-US\"},{\"@type\":\"Person\",\"@id\":\"https:\/\/comcat.org\/en\/#\/schema\/person\/2c76caf113a4eeb18a2130c19027bde6\",\"name\":\"comcat\",\"image\":{\"@type\":\"ImageObject\",\"inLanguage\":\"en-US\",\"@id\":\"https:\/\/comcat.org\/en\/#\/schema\/person\/image\/\",\"url\":\"https:\/\/secure.gravatar.com\/avatar\/b9fdb3317cc687ef5bde6fc0ffa25da9553570a5e21c6eed2693852d6602fe04?s=96&d=mm&r=g\",\"contentUrl\":\"https:\/\/secure.gravatar.com\/avatar\/b9fdb3317cc687ef5bde6fc0ffa25da9553570a5e21c6eed2693852d6602fe04?s=96&d=mm&r=g\",\"caption\":\"comcat\"},\"sameAs\":[\"https:\/\/localhost\"],\"url\":\"https:\/\/comcat.org\/en\/author\/comcat\/\"}]}<\/script>\n<!-- \/ Yoast SEO plugin. -->","yoast_head_json":{"title":"TTC - Atualizado com materiais oficinas - Comunidades Catalisadoras | ComCat","robots":{"index":"index","follow":"follow","max-snippet":"max-snippet:-1","max-image-preview":"max-image-preview:large","max-video-preview":"max-video-preview:-1"},"canonical":"https:\/\/comcat.org\/en\/impact\/highlight\/ttc-atualizado-com-materiais-oficinas\/","og_locale":"en_US","og_type":"article","og_title":"TTC - Atualizado com materiais oficinas - Comunidades Catalisadoras | ComCat","og_description":"O mais novo projeto da Comunidades Catalisadoras, de desenvolvimento de\u00a0Termos Territoriais Coletivos\u00a0em favelas do Rio de Janeiro, tem o potencial de oferecer um modelo de seguran\u00e7a fundi\u00e1ria para assentamentos informais em todo o mundo. Esse modelo de organiza\u00e7\u00e3o local permite que moradores tenham propriedade\u00a0individual\u00a0de suas casas, ao mesmo tempo que mantenham uma associa\u00e7\u00e3o que tem [&hellip;]","og_url":"https:\/\/comcat.org\/en\/impact\/highlight\/ttc-atualizado-com-materiais-oficinas\/","og_site_name":"Comunidades Catalisadoras | ComCat","article_published_time":"2026-04-13T20:32:08+00:00","og_image":[{"width":2048,"height":1365,"url":"https:\/\/comcat.org\/wp-content\/uploads\/2018\/08\/Santa-Marta-by-Antoine-Horenbeek-1.jpg","type":"image\/jpeg"}],"author":"comcat","twitter_card":"summary_large_image","twitter_misc":{"Written by":"comcat","Est. reading time":"8 minutes"},"schema":{"@context":"https:\/\/schema.org","@graph":[{"@type":"Article","@id":"https:\/\/comcat.org\/en\/impact\/highlight\/ttc-atualizado-com-materiais-oficinas\/#article","isPartOf":{"@id":"https:\/\/comcat.org\/en\/impact\/highlight\/ttc-atualizado-com-materiais-oficinas\/"},"author":{"name":"comcat","@id":"https:\/\/comcat.org\/en\/#\/schema\/person\/2c76caf113a4eeb18a2130c19027bde6"},"headline":"TTC &#8211; Atualizado com materiais oficinas","datePublished":"2026-04-13T20:32:08+00:00","mainEntityOfPage":{"@id":"https:\/\/comcat.org\/en\/impact\/highlight\/ttc-atualizado-com-materiais-oficinas\/"},"wordCount":1684,"image":{"@id":"https:\/\/comcat.org\/en\/impact\/highlight\/ttc-atualizado-com-materiais-oficinas\/#primaryimage"},"thumbnailUrl":"http:\/\/comcat.org\/wp-content\/uploads\/2018\/08\/Santa-Marta-by-Antoine-Horenbeek-350x233.jpg","articleSection":["Highlight"],"inLanguage":"en-US"},{"@type":"WebPage","@id":"https:\/\/comcat.org\/en\/impact\/highlight\/ttc-atualizado-com-materiais-oficinas\/","url":"https:\/\/comcat.org\/en\/impact\/highlight\/ttc-atualizado-com-materiais-oficinas\/","name":"TTC - Atualizado com materiais oficinas - Comunidades Catalisadoras | ComCat","isPartOf":{"@id":"https:\/\/comcat.org\/en\/#website"},"primaryImageOfPage":{"@id":"https:\/\/comcat.org\/en\/impact\/highlight\/ttc-atualizado-com-materiais-oficinas\/#primaryimage"},"image":{"@id":"https:\/\/comcat.org\/en\/impact\/highlight\/ttc-atualizado-com-materiais-oficinas\/#primaryimage"},"thumbnailUrl":"http:\/\/comcat.org\/wp-content\/uploads\/2018\/08\/Santa-Marta-by-Antoine-Horenbeek-350x233.jpg","datePublished":"2026-04-13T20:32:08+00:00","author":{"@id":"https:\/\/comcat.org\/en\/#\/schema\/person\/2c76caf113a4eeb18a2130c19027bde6"},"breadcrumb":{"@id":"https:\/\/comcat.org\/en\/impact\/highlight\/ttc-atualizado-com-materiais-oficinas\/#breadcrumb"},"inLanguage":"en-US","potentialAction":[{"@type":"ReadAction","target":["https:\/\/comcat.org\/en\/impact\/highlight\/ttc-atualizado-com-materiais-oficinas\/"]}]},{"@type":"ImageObject","inLanguage":"en-US","@id":"https:\/\/comcat.org\/en\/impact\/highlight\/ttc-atualizado-com-materiais-oficinas\/#primaryimage","url":"http:\/\/comcat.org\/wp-content\/uploads\/2018\/08\/Santa-Marta-by-Antoine-Horenbeek-350x233.jpg","contentUrl":"http:\/\/comcat.org\/wp-content\/uploads\/2018\/08\/Santa-Marta-by-Antoine-Horenbeek-350x233.jpg"},{"@type":"BreadcrumbList","@id":"https:\/\/comcat.org\/en\/impact\/highlight\/ttc-atualizado-com-materiais-oficinas\/#breadcrumb","itemListElement":[{"@type":"ListItem","position":1,"name":"In\u00edcio","item":"https:\/\/comcat.org\/en\/"},{"@type":"ListItem","position":2,"name":"TTC &#8211; Atualizado com materiais oficinas"}]},{"@type":"WebSite","@id":"https:\/\/comcat.org\/en\/#website","url":"https:\/\/comcat.org\/en\/","name":"Comunidades Catalisadoras | ComCat","description":"Solu\u00e7\u00f5es, Comunidades, Redes, Favelas, M\u00eddia Social","potentialAction":[{"@type":"SearchAction","target":{"@type":"EntryPoint","urlTemplate":"https:\/\/comcat.org\/en\/?s={search_term_string}"},"query-input":{"@type":"PropertyValueSpecification","valueRequired":true,"valueName":"search_term_string"}}],"inLanguage":"en-US"},{"@type":"Person","@id":"https:\/\/comcat.org\/en\/#\/schema\/person\/2c76caf113a4eeb18a2130c19027bde6","name":"comcat","image":{"@type":"ImageObject","inLanguage":"en-US","@id":"https:\/\/comcat.org\/en\/#\/schema\/person\/image\/","url":"https:\/\/secure.gravatar.com\/avatar\/b9fdb3317cc687ef5bde6fc0ffa25da9553570a5e21c6eed2693852d6602fe04?s=96&d=mm&r=g","contentUrl":"https:\/\/secure.gravatar.com\/avatar\/b9fdb3317cc687ef5bde6fc0ffa25da9553570a5e21c6eed2693852d6602fe04?s=96&d=mm&r=g","caption":"comcat"},"sameAs":["https:\/\/localhost"],"url":"https:\/\/comcat.org\/en\/author\/comcat\/"}]}},"_links":{"self":[{"href":"https:\/\/comcat.org\/en\/wp-json\/wp\/v2\/posts\/15999","targetHints":{"allow":["GET"]}}],"collection":[{"href":"https:\/\/comcat.org\/en\/wp-json\/wp\/v2\/posts"}],"about":[{"href":"https:\/\/comcat.org\/en\/wp-json\/wp\/v2\/types\/post"}],"author":[{"embeddable":true,"href":"https:\/\/comcat.org\/en\/wp-json\/wp\/v2\/users\/1"}],"replies":[{"embeddable":true,"href":"https:\/\/comcat.org\/en\/wp-json\/wp\/v2\/comments?post=15999"}],"version-history":[{"count":0,"href":"https:\/\/comcat.org\/en\/wp-json\/wp\/v2\/posts\/15999\/revisions"}],"wp:attachment":[{"href":"https:\/\/comcat.org\/en\/wp-json\/wp\/v2\/media?parent=15999"}],"wp:term":[{"taxonomy":"category","embeddable":true,"href":"https:\/\/comcat.org\/en\/wp-json\/wp\/v2\/categories?post=15999"},{"taxonomy":"post_tag","embeddable":true,"href":"https:\/\/comcat.org\/en\/wp-json\/wp\/v2\/tags?post=15999"}],"curies":[{"name":"wp","href":"https:\/\/api.w.org\/{rel}","templated":true}]}}